{"id":415,"date":"2012-01-15T00:00:00","date_gmt":"2012-01-15T00:00:00","guid":{"rendered":"http:\/\/www.pcandia.it\/newvolley\/commenti-partite\/arc3d\/140112-polcandia-stacchiotti\/"},"modified":"2012-01-15T00:00:00","modified_gmt":"2012-01-15T00:00:00","slug":"140112-polcandia-stacchiotti","status":"publish","type":"post","link":"https:\/\/www.pcandia.it\/volley\/notizie\/140112-polcandia-stacchiotti\/","title":{"rendered":"14\/01\/12 PolCandia-Stacchiotti"},"content":{"rendered":"<div>Inizia con una sconfitta la nuova avventura del Candia in Terza Divisione.<\/div>\n<div>Le ragazze reduci dai campionati giovanili Under16 e Under18, guidate dal coach Debora Sestilli, con la &#8220;supervisione&#8221; di mister Mauro Talleri, affrontano per la prima volta un campionato di categoria. Un campionato sicuramente impegnativo, che le vedr\u00e0 opposte ad avversarie agguerrite ed esperte, come nel caso della Stacchiotti, che conquista i primi tre punti vincendo a Candia per 3 a 1.<\/div>\n<div>Il team di coach Sestilli paga l&#8217;emozione di questa gara di esordio, ma soprattutto la novit\u00e0 di trovarsi di fronte avversarie anche pi\u00f9 grandi ed esperte.<\/div>\n<div>Nonostante ci\u00f2 Candia tiene bene nel primo set, e pur in svantaggio per 13 a 23 riesce caparbiamente a rimontare, sfiorando l&#8217;impresa, fino al 21 a 24. A questo punto l&#8217;esperienza e la freddezza della squadra ospite f\u00e0 la differenza, ed il primo set e per la Stacchiotti.<\/div>\n<div>Anche il secondo set \u00e8 dominato dalle ragazze avversarie, che vincono facilmente con il punteggio di 25 a 16.<\/div>\n<div>Nel terzo set, che potrebbe chiudere il match Candia ha invece una reazione di orgoglio, combatte punto su punto, e riesce ad aggiudicarsi il set per 25 a 22 riaprendo l&#8217;incontro.<\/div>\n<div>Incontro per\u00f2 che la Stacchiotti non vuole perdere, e come nei primi due set sfruttando le armi in pi\u00f9 v\u00e0 a vincere set e partita per 25 a 16.<\/div>\n<div>Malgrado la sconfitta, crediamo che coach Sestilli possa ritenersi soddisfatta, del team, considerando il poco tempo avuto a disposizione per allenare il gruppo, considerato l&#8217;inesperienza e l&#8217;emozione delle ragazze, alcune giovanissime (&#8217;98), si \u00e8 vista una buona squadra che non potr\u00e0 che crescere e migliorare. Almeno questo \u00e8 quello che speriamo e ci auguriamo tutti, dirigenti, genitori e supporters compresi.<\/div>\n<div><\/div>\n","protected":false},"excerpt":{"rendered":"<p>Inizia con una sconfitta la nuova avventura del Candia in Terza Divisione. Le ragazze reduci dai campionati giovanili Under16 e Under18, guidate dal coach Debora Sestilli, con la &#8220;supervisione&#8221; di mister Mauro Talleri, affrontano per la prima volta un campionato di categoria. Un campionato sicuramente impegnativo, che le vedr\u00e0 opposte [&hellip;]<\/p>\n","protected":false},"author":1,"featured_media":0,"comment_status":"open","ping_status":"open","sticky":false,"template":"","format":"standard","meta":{"footnotes":""},"categories":[7],"tags":[],"class_list":["post-415","post","type-post","status-publish","format-standard","hentry","category-notizie"],"yoast_head":"<!-- This site is optimized with the Yoast SEO plugin v28.3 - https:\/\/yoast.com\/product\/yoast-seo-wordpress\/ -->\n<title>14\/01\/12 PolCandia-Stacchiotti - Candia Volley - Polisportiva Candia-Baraccola-Aspio<\/title>\n<meta name=\"robots\" content=\"index, follow, max-snippet:-1, max-image-preview:large, max-video-preview:-1\" \/>\n<link rel=\"canonical\" href=\"https:\/\/www.pcandia.it\/volley\/notizie\/140112-polcandia-stacchiotti\/\" \/>\n<meta property=\"og:locale\" content=\"it_IT\" \/>\n<meta property=\"og:type\" content=\"article\" \/>\n<meta property=\"og:title\" content=\"14\/01\/12 PolCandia-Stacchiotti - Candia Volley - Polisportiva Candia-Baraccola-Aspio\" \/>\n<meta property=\"og:description\" content=\"Inizia con una sconfitta la nuova avventura del Candia in Terza Divisione. Le ragazze reduci dai campionati giovanili Under16 e Under18, guidate dal coach Debora Sestilli, con la &#8220;supervisione&#8221; di mister Mauro Talleri, affrontano per la prima volta un campionato di categoria. Un campionato sicuramente impegnativo, che le vedr\u00e0 opposte [&hellip;]\" \/>\n<meta property=\"og:url\" content=\"https:\/\/www.pcandia.it\/volley\/notizie\/140112-polcandia-stacchiotti\/\" \/>\n<meta property=\"og:site_name\" content=\"Candia Volley - Polisportiva Candia-Baraccola-Aspio\" \/>\n<meta property=\"article:publisher\" content=\"https:\/\/www.facebook.com\/candiavolley\" \/>\n<meta property=\"article:published_time\" content=\"2012-01-15T00:00:00+00:00\" \/>\n<meta name=\"author\" content=\"Amministratore\" \/>\n<meta name=\"twitter:card\" content=\"summary_large_image\" \/>\n<meta name=\"twitter:label1\" content=\"Scritto da\" \/>\n\t<meta name=\"twitter:data1\" content=\"Amministratore\" \/>\n\t<meta name=\"twitter:label2\" content=\"Tempo di lettura stimato\" \/>\n\t<meta name=\"twitter:data2\" content=\"1 minuto\" \/>\n<script type=\"application\/ld+json\" class=\"yoast-schema-graph\">{\"@context\":\"https:\\\/\\\/schema.org\",\"@graph\":[{\"@type\":\"Article\",\"@id\":\"https:\\\/\\\/www.pcandia.it\\\/volley\\\/notizie\\\/140112-polcandia-stacchiotti\\\/#article\",\"isPartOf\":{\"@id\":\"https:\\\/\\\/www.pcandia.it\\\/volley\\\/notizie\\\/140112-polcandia-stacchiotti\\\/\"},\"author\":{\"name\":\"Amministratore\",\"@id\":\"http:\\\/\\\/www.pcandia.it\\\/volley\\\/#\\\/schema\\\/person\\\/f756b1990c1d37014e323c82727cd8a2\"},\"headline\":\"14\\\/01\\\/12 PolCandia-Stacchiotti\",\"datePublished\":\"2012-01-15T00:00:00+00:00\",\"mainEntityOfPage\":{\"@id\":\"https:\\\/\\\/www.pcandia.it\\\/volley\\\/notizie\\\/140112-polcandia-stacchiotti\\\/\"},\"wordCount\":272,\"commentCount\":0,\"publisher\":{\"@id\":\"http:\\\/\\\/www.pcandia.it\\\/volley\\\/#organization\"},\"articleSection\":[\"Notizie\"],\"inLanguage\":\"it-IT\",\"potentialAction\":[{\"@type\":\"CommentAction\",\"name\":\"Comment\",\"target\":[\"https:\\\/\\\/www.pcandia.it\\\/volley\\\/notizie\\\/140112-polcandia-stacchiotti\\\/#respond\"]}]},{\"@type\":\"WebPage\",\"@id\":\"https:\\\/\\\/www.pcandia.it\\\/volley\\\/notizie\\\/140112-polcandia-stacchiotti\\\/\",\"url\":\"https:\\\/\\\/www.pcandia.it\\\/volley\\\/notizie\\\/140112-polcandia-stacchiotti\\\/\",\"name\":\"14\\\/01\\\/12 PolCandia-Stacchiotti - Candia Volley - Polisportiva Candia-Baraccola-Aspio\",\"isPartOf\":{\"@id\":\"http:\\\/\\\/www.pcandia.it\\\/volley\\\/#website\"},\"datePublished\":\"2012-01-15T00:00:00+00:00\",\"breadcrumb\":{\"@id\":\"https:\\\/\\\/www.pcandia.it\\\/volley\\\/notizie\\\/140112-polcandia-stacchiotti\\\/#breadcrumb\"},\"inLanguage\":\"it-IT\",\"potentialAction\":[{\"@type\":\"ReadAction\",\"target\":[\"https:\\\/\\\/www.pcandia.it\\\/volley\\\/notizie\\\/140112-polcandia-stacchiotti\\\/\"]}]},{\"@type\":\"BreadcrumbList\",\"@id\":\"https:\\\/\\\/www.pcandia.it\\\/volley\\\/notizie\\\/140112-polcandia-stacchiotti\\\/#breadcrumb\",\"itemListElement\":[{\"@type\":\"ListItem\",\"position\":1,\"name\":\"Home\",\"item\":\"http:\\\/\\\/www.pcandia.it\\\/volley\\\/\"},{\"@type\":\"ListItem\",\"position\":2,\"name\":\"14\\\/01\\\/12 PolCandia-Stacchiotti\"}]},{\"@type\":\"WebSite\",\"@id\":\"http:\\\/\\\/www.pcandia.it\\\/volley\\\/#website\",\"url\":\"http:\\\/\\\/www.pcandia.it\\\/volley\\\/\",\"name\":\"Candia Volley - Polisportiva Candia-Baraccola-Aspio\",\"description\":\"\",\"publisher\":{\"@id\":\"http:\\\/\\\/www.pcandia.it\\\/volley\\\/#organization\"},\"potentialAction\":[{\"@type\":\"SearchAction\",\"target\":{\"@type\":\"EntryPoint\",\"urlTemplate\":\"http:\\\/\\\/www.pcandia.it\\\/volley\\\/?s={search_term_string}\"},\"query-input\":{\"@type\":\"PropertyValueSpecification\",\"valueRequired\":true,\"valueName\":\"search_term_string\"}}],\"inLanguage\":\"it-IT\"},{\"@type\":\"Organization\",\"@id\":\"http:\\\/\\\/www.pcandia.it\\\/volley\\\/#organization\",\"name\":\"Candia Volley - Polisportiva Candia-Baraccola-Aspio (Ancona)\",\"url\":\"http:\\\/\\\/www.pcandia.it\\\/volley\\\/\",\"logo\":{\"@type\":\"ImageObject\",\"inLanguage\":\"it-IT\",\"@id\":\"http:\\\/\\\/www.pcandia.it\\\/volley\\\/#\\\/schema\\\/logo\\\/image\\\/\",\"url\":\"https:\\\/\\\/www.pcandia.it\\\/volley\\\/wp-content\\\/uploads\\\/2014\\\/10\\\/logomail.jpg\",\"contentUrl\":\"https:\\\/\\\/www.pcandia.it\\\/volley\\\/wp-content\\\/uploads\\\/2014\\\/10\\\/logomail.jpg\",\"width\":187,\"height\":161,\"caption\":\"Candia Volley - Polisportiva Candia-Baraccola-Aspio (Ancona)\"},\"image\":{\"@id\":\"http:\\\/\\\/www.pcandia.it\\\/volley\\\/#\\\/schema\\\/logo\\\/image\\\/\"},\"sameAs\":[\"https:\\\/\\\/www.facebook.com\\\/candiavolley\"]},{\"@type\":\"Person\",\"@id\":\"http:\\\/\\\/www.pcandia.it\\\/volley\\\/#\\\/schema\\\/person\\\/f756b1990c1d37014e323c82727cd8a2\",\"name\":\"Amministratore\",\"image\":{\"@type\":\"ImageObject\",\"inLanguage\":\"it-IT\",\"@id\":\"https:\\\/\\\/secure.gravatar.com\\\/avatar\\\/4a34cd08ee03174fb07810038b9bcccccb442a512a338228c74dd3c58f94220f?s=96&d=mm&r=g\",\"url\":\"https:\\\/\\\/secure.gravatar.com\\\/avatar\\\/4a34cd08ee03174fb07810038b9bcccccb442a512a338228c74dd3c58f94220f?s=96&d=mm&r=g\",\"contentUrl\":\"https:\\\/\\\/secure.gravatar.com\\\/avatar\\\/4a34cd08ee03174fb07810038b9bcccccb442a512a338228c74dd3c58f94220f?s=96&d=mm&r=g\",\"caption\":\"Amministratore\"},\"url\":\"https:\\\/\\\/www.pcandia.it\\\/volley\\\/author\\\/admin\\\/\"}]}<\/script>\n<!-- \/ Yoast SEO plugin. -->","yoast_head_json":{"title":"14\/01\/12 PolCandia-Stacchiotti - Candia Volley - Polisportiva Candia-Baraccola-Aspio","robots":{"index":"index","follow":"follow","max-snippet":"max-snippet:-1","max-image-preview":"max-image-preview:large","max-video-preview":"max-video-preview:-1"},"canonical":"https:\/\/www.pcandia.it\/volley\/notizie\/140112-polcandia-stacchiotti\/","og_locale":"it_IT","og_type":"article","og_title":"14\/01\/12 PolCandia-Stacchiotti - Candia Volley - Polisportiva Candia-Baraccola-Aspio","og_description":"Inizia con una sconfitta la nuova avventura del Candia in Terza Divisione. Le ragazze reduci dai campionati giovanili Under16 e Under18, guidate dal coach Debora Sestilli, con la &#8220;supervisione&#8221; di mister Mauro Talleri, affrontano per la prima volta un campionato di categoria. Un campionato sicuramente impegnativo, che le vedr\u00e0 opposte [&hellip;]","og_url":"https:\/\/www.pcandia.it\/volley\/notizie\/140112-polcandia-stacchiotti\/","og_site_name":"Candia Volley - Polisportiva Candia-Baraccola-Aspio","article_publisher":"https:\/\/www.facebook.com\/candiavolley","article_published_time":"2012-01-15T00:00:00+00:00","author":"Amministratore","twitter_card":"summary_large_image","twitter_misc":{"Scritto da":"Amministratore","Tempo di lettura stimato":"1 minuto"},"schema":{"@context":"https:\/\/schema.org","@graph":[{"@type":"Article","@id":"https:\/\/www.pcandia.it\/volley\/notizie\/140112-polcandia-stacchiotti\/#article","isPartOf":{"@id":"https:\/\/www.pcandia.it\/volley\/notizie\/140112-polcandia-stacchiotti\/"},"author":{"name":"Amministratore","@id":"http:\/\/www.pcandia.it\/volley\/#\/schema\/person\/f756b1990c1d37014e323c82727cd8a2"},"headline":"14\/01\/12 PolCandia-Stacchiotti","datePublished":"2012-01-15T00:00:00+00:00","mainEntityOfPage":{"@id":"https:\/\/www.pcandia.it\/volley\/notizie\/140112-polcandia-stacchiotti\/"},"wordCount":272,"commentCount":0,"publisher":{"@id":"http:\/\/www.pcandia.it\/volley\/#organization"},"articleSection":["Notizie"],"inLanguage":"it-IT","potentialAction":[{"@type":"CommentAction","name":"Comment","target":["https:\/\/www.pcandia.it\/volley\/notizie\/140112-polcandia-stacchiotti\/#respond"]}]},{"@type":"WebPage","@id":"https:\/\/www.pcandia.it\/volley\/notizie\/140112-polcandia-stacchiotti\/","url":"https:\/\/www.pcandia.it\/volley\/notizie\/140112-polcandia-stacchiotti\/","name":"14\/01\/12 PolCandia-Stacchiotti - Candia Volley - Polisportiva Candia-Baraccola-Aspio","isPartOf":{"@id":"http:\/\/www.pcandia.it\/volley\/#website"},"datePublished":"2012-01-15T00:00:00+00:00","breadcrumb":{"@id":"https:\/\/www.pcandia.it\/volley\/notizie\/140112-polcandia-stacchiotti\/#breadcrumb"},"inLanguage":"it-IT","potentialAction":[{"@type":"ReadAction","target":["https:\/\/www.pcandia.it\/volley\/notizie\/140112-polcandia-stacchiotti\/"]}]},{"@type":"BreadcrumbList","@id":"https:\/\/www.pcandia.it\/volley\/notizie\/140112-polcandia-stacchiotti\/#breadcrumb","itemListElement":[{"@type":"ListItem","position":1,"name":"Home","item":"http:\/\/www.pcandia.it\/volley\/"},{"@type":"ListItem","position":2,"name":"14\/01\/12 PolCandia-Stacchiotti"}]},{"@type":"WebSite","@id":"http:\/\/www.pcandia.it\/volley\/#website","url":"http:\/\/www.pcandia.it\/volley\/","name":"Candia Volley - Polisportiva Candia-Baraccola-Aspio","description":"","publisher":{"@id":"http:\/\/www.pcandia.it\/volley\/#organization"},"potentialAction":[{"@type":"SearchAction","target":{"@type":"EntryPoint","urlTemplate":"http:\/\/www.pcandia.it\/volley\/?s={search_term_string}"},"query-input":{"@type":"PropertyValueSpecification","valueRequired":true,"valueName":"search_term_string"}}],"inLanguage":"it-IT"},{"@type":"Organization","@id":"http:\/\/www.pcandia.it\/volley\/#organization","name":"Candia Volley - Polisportiva Candia-Baraccola-Aspio (Ancona)","url":"http:\/\/www.pcandia.it\/volley\/","logo":{"@type":"ImageObject","inLanguage":"it-IT","@id":"http:\/\/www.pcandia.it\/volley\/#\/schema\/logo\/image\/","url":"https:\/\/www.pcandia.it\/volley\/wp-content\/uploads\/2014\/10\/logomail.jpg","contentUrl":"https:\/\/www.pcandia.it\/volley\/wp-content\/uploads\/2014\/10\/logomail.jpg","width":187,"height":161,"caption":"Candia Volley - Polisportiva Candia-Baraccola-Aspio (Ancona)"},"image":{"@id":"http:\/\/www.pcandia.it\/volley\/#\/schema\/logo\/image\/"},"sameAs":["https:\/\/www.facebook.com\/candiavolley"]},{"@type":"Person","@id":"http:\/\/www.pcandia.it\/volley\/#\/schema\/person\/f756b1990c1d37014e323c82727cd8a2","name":"Amministratore","image":{"@type":"ImageObject","inLanguage":"it-IT","@id":"https:\/\/secure.gravatar.com\/avatar\/4a34cd08ee03174fb07810038b9bcccccb442a512a338228c74dd3c58f94220f?s=96&d=mm&r=g","url":"https:\/\/secure.gravatar.com\/avatar\/4a34cd08ee03174fb07810038b9bcccccb442a512a338228c74dd3c58f94220f?s=96&d=mm&r=g","contentUrl":"https:\/\/secure.gravatar.com\/avatar\/4a34cd08ee03174fb07810038b9bcccccb442a512a338228c74dd3c58f94220f?s=96&d=mm&r=g","caption":"Amministratore"},"url":"https:\/\/www.pcandia.it\/volley\/author\/admin\/"}]}},"_links":{"self":[{"href":"https:\/\/www.pcandia.it\/volley\/wp-json\/wp\/v2\/posts\/415","targetHints":{"allow":["GET"]}}],"collection":[{"href":"https:\/\/www.pcandia.it\/volley\/wp-json\/wp\/v2\/posts"}],"about":[{"href":"https:\/\/www.pcandia.it\/volley\/wp-json\/wp\/v2\/types\/post"}],"author":[{"embeddable":true,"href":"https:\/\/www.pcandia.it\/volley\/wp-json\/wp\/v2\/users\/1"}],"replies":[{"embeddable":true,"href":"https:\/\/www.pcandia.it\/volley\/wp-json\/wp\/v2\/comments?post=415"}],"version-history":[{"count":0,"href":"https:\/\/www.pcandia.it\/volley\/wp-json\/wp\/v2\/posts\/415\/revisions"}],"wp:attachment":[{"href":"https:\/\/www.pcandia.it\/volley\/wp-json\/wp\/v2\/media?parent=415"}],"wp:term":[{"taxonomy":"category","embeddable":true,"href":"https:\/\/www.pcandia.it\/volley\/wp-json\/wp\/v2\/categories?post=415"},{"taxonomy":"post_tag","embeddable":true,"href":"https:\/\/www.pcandia.it\/volley\/wp-json\/wp\/v2\/tags?post=415"}],"curies":[{"name":"wp","href":"https:\/\/api.w.org\/{rel}","templated":true}]}}