{"id":406,"date":"2012-03-12T00:00:00","date_gmt":"2012-03-12T00:00:00","guid":{"rendered":"http:\/\/www.pcandia.it\/newvolley\/commenti-partite\/archivo-commenti-serie-d-2011-2012\/brava-candia-pol-candia-adriatica-volley-3-0\/"},"modified":"2012-03-12T00:00:00","modified_gmt":"2012-03-12T00:00:00","slug":"brava-candia-pol-candia-adriatica-volley-3-0","status":"publish","type":"post","link":"https:\/\/www.pcandia.it\/volley\/notizie\/brava-candia-pol-candia-adriatica-volley-3-0\/","title":{"rendered":"Brava Candia! Pol. Candia &#8211; Adriatica Volley 3 -0"},"content":{"rendered":"<p>Doveva essere l&#8217;incontro pi\u00f9 temibile quello di mercoled\u00ec 22 febbraio per le ragazze di mister Talleri, l&#8217;incontro con l&#8217;Adriatica volley sesta classificata nel girone A e invece si \u00e8 rivelata una partita praticamente a senso unico.\u00a0<br \/>Starting six con diagonale palleggiatore-opposta Giuliani-Rinaldi, in banda Polenti e Vaccarini, al centro Fratesi e Giacchetta, libero Lucarini. Candia parte subito molto forte con il primo parziale che \u00e8 di 7 a 2. Polentini e Rinaldi sugli scudi con 4 punti per il capitano e 3 per Giulia. Sul 15 a 4 in favore della squadra di mister Talleri, Fano ha gi\u00e0 usato i due tempi discrezionali e cerca di arginare senza successo l&#8217;iniziativa candiese. Giuliani supportata da una buona ricezione smista bene il gioco al centro per Giacchetta e Fratesi. Chiude il set capitan Rinaldi con due diagonali vincenti per il definitivo 25 a 8. Nel secondo set c&#8217;\u00e8 pi\u00f9 equilibrio nella fase iniziale, Fano prova a mettere la testa avanti ed essere pi\u00f9 concreta in attacco. L&#8217;equilibrio si protrae sino all&#8217;8 a 7 per Fano, poi due punti di capitan Runaldi e due di Polentini, oltre all&#8217;ace di Vaccarini ristabiliscono le distanze. Fano ha un nuovo guizzo sul 13 a 10, si riportano sotto 13 a 12, ma \u00e8 l&#8217;ultimo sprint del set per la giovane compagine ospite. Un muro di Rinaldi e un ottimo servizio di Giacchetta riportano Candia avanti. Fano spreca molto in attacco e Candia ne approfitta, battendo sempre con grande incisivit\u00e0. Nella parte finale spazio anche a Baldinelli e Pierdica per Rinaldi e Giuliani. Il set si chiude con la diagonale di Vaccarini per il definitivo 25 a 17. \u00a0<br \/>Terzo set praticamente fotocopia del secondo con Fano che prova a fare qualcosa di pi\u00f9 e conduce fino al 10 a 8 a loro favore, grazie anche a una ricezione candiese non impeccabile. Poi una parallela e un pallonetto di Vaccarini rimettono in carreggiata Candia. Mister Talleri chiama il primo time-out del match quando Fano di porta sul 16 a 13, poi \u00e8 la volta di Messale per Vaccarini e Baldinelli per Rinaldi. <br \/>La riscossa del Candia arriva dal centro, con uno strepitoso primo tempo di Fratesi che si ridesta dopo due set di ordinaria amministrazione. E&#8217; proprio Giovanna a sbarrare la strada in attacco all&#8217;Adriatica con due muri a uno che mandano in frantumi le fragili certezze fanesi. I tre ace consecutivi di Polenti, tra le migliori in campo, portano candia dal 20 a 18 al 23 a 18. Il set si chiude all&#8217;insegna di Fratesi con un primo tempo e e con una stampata a muro. Top scorer del match \u00e8 capitan Rinaldi con 14 punti, seguono Polentini con 10, Vaccarini e Fratesi con 7, Giacchetta con 4 e 1 con Giuliani e Pierdica. <br \/>Candia continua cos\u00ec la sua marcia nei play-out con un altro 3 a 0, risultato mai in discussione, dopo un primo set praticamente perfetto. Sono tre punti pesantissimi, soprattutto perch\u00e8 ottenuti con una diretta concorrente per uno dei due pass salvezza.<\/p>\n","protected":false},"excerpt":{"rendered":"<p>Doveva essere l&#8217;incontro pi\u00f9 temibile quello di mercoled\u00ec 22 febbraio per le ragazze di mister Talleri, l&#8217;incontro con l&#8217;Adriatica volley sesta classificata nel girone A e invece si \u00e8 rivelata una partita praticamente a senso unico.\u00a0Starting six con diagonale palleggiatore-opposta Giuliani-Rinaldi, in banda Polenti e Vaccarini, al centro Fratesi e [&hellip;]<\/p>\n","protected":false},"author":1,"featured_media":0,"comment_status":"open","ping_status":"open","sticky":false,"template":"","format":"standard","meta":{"footnotes":""},"categories":[7],"tags":[],"class_list":["post-406","post","type-post","status-publish","format-standard","hentry","category-notizie"],"yoast_head":"<!-- This site is optimized with the Yoast SEO plugin v28.3 - https:\/\/yoast.com\/product\/yoast-seo-wordpress\/ -->\n<title>Brava Candia! Pol. Candia - Adriatica Volley 3 -0 - Candia Volley - Polisportiva Candia-Baraccola-Aspio<\/title>\n<meta name=\"robots\" content=\"index, follow, max-snippet:-1, max-image-preview:large, max-video-preview:-1\" \/>\n<link rel=\"canonical\" href=\"https:\/\/www.pcandia.it\/volley\/notizie\/brava-candia-pol-candia-adriatica-volley-3-0\/\" \/>\n<meta property=\"og:locale\" content=\"it_IT\" \/>\n<meta property=\"og:type\" content=\"article\" \/>\n<meta property=\"og:title\" content=\"Brava Candia! Pol. Candia - Adriatica Volley 3 -0 - Candia Volley - Polisportiva Candia-Baraccola-Aspio\" \/>\n<meta property=\"og:description\" content=\"Doveva essere l&#8217;incontro pi\u00f9 temibile quello di mercoled\u00ec 22 febbraio per le ragazze di mister Talleri, l&#8217;incontro con l&#8217;Adriatica volley sesta classificata nel girone A e invece si \u00e8 rivelata una partita praticamente a senso unico.\u00a0Starting six con diagonale palleggiatore-opposta Giuliani-Rinaldi, in banda Polenti e Vaccarini, al centro Fratesi e [&hellip;]\" \/>\n<meta property=\"og:url\" content=\"https:\/\/www.pcandia.it\/volley\/notizie\/brava-candia-pol-candia-adriatica-volley-3-0\/\" \/>\n<meta property=\"og:site_name\" content=\"Candia Volley - Polisportiva Candia-Baraccola-Aspio\" \/>\n<meta property=\"article:publisher\" content=\"https:\/\/www.facebook.com\/candiavolley\" \/>\n<meta property=\"article:published_time\" content=\"2012-03-12T00:00:00+00:00\" \/>\n<meta name=\"author\" content=\"Amministratore\" \/>\n<meta name=\"twitter:card\" content=\"summary_large_image\" \/>\n<meta name=\"twitter:label1\" content=\"Scritto da\" \/>\n\t<meta name=\"twitter:data1\" content=\"Amministratore\" \/>\n\t<meta name=\"twitter:label2\" content=\"Tempo di lettura stimato\" \/>\n\t<meta name=\"twitter:data2\" content=\"2 minuti\" \/>\n<script type=\"application\/ld+json\" class=\"yoast-schema-graph\">{\"@context\":\"https:\\\/\\\/schema.org\",\"@graph\":[{\"@type\":\"Article\",\"@id\":\"https:\\\/\\\/www.pcandia.it\\\/volley\\\/notizie\\\/brava-candia-pol-candia-adriatica-volley-3-0\\\/#article\",\"isPartOf\":{\"@id\":\"https:\\\/\\\/www.pcandia.it\\\/volley\\\/notizie\\\/brava-candia-pol-candia-adriatica-volley-3-0\\\/\"},\"author\":{\"name\":\"Amministratore\",\"@id\":\"http:\\\/\\\/www.pcandia.it\\\/volley\\\/#\\\/schema\\\/person\\\/f756b1990c1d37014e323c82727cd8a2\"},\"headline\":\"Brava Candia! Pol. Candia &#8211; Adriatica Volley 3 -0\",\"datePublished\":\"2012-03-12T00:00:00+00:00\",\"mainEntityOfPage\":{\"@id\":\"https:\\\/\\\/www.pcandia.it\\\/volley\\\/notizie\\\/brava-candia-pol-candia-adriatica-volley-3-0\\\/\"},\"wordCount\":470,\"commentCount\":0,\"publisher\":{\"@id\":\"http:\\\/\\\/www.pcandia.it\\\/volley\\\/#organization\"},\"articleSection\":[\"Notizie\"],\"inLanguage\":\"it-IT\",\"potentialAction\":[{\"@type\":\"CommentAction\",\"name\":\"Comment\",\"target\":[\"https:\\\/\\\/www.pcandia.it\\\/volley\\\/notizie\\\/brava-candia-pol-candia-adriatica-volley-3-0\\\/#respond\"]}]},{\"@type\":\"WebPage\",\"@id\":\"https:\\\/\\\/www.pcandia.it\\\/volley\\\/notizie\\\/brava-candia-pol-candia-adriatica-volley-3-0\\\/\",\"url\":\"https:\\\/\\\/www.pcandia.it\\\/volley\\\/notizie\\\/brava-candia-pol-candia-adriatica-volley-3-0\\\/\",\"name\":\"Brava Candia! Pol. Candia - Adriatica Volley 3 -0 - Candia Volley - Polisportiva Candia-Baraccola-Aspio\",\"isPartOf\":{\"@id\":\"http:\\\/\\\/www.pcandia.it\\\/volley\\\/#website\"},\"datePublished\":\"2012-03-12T00:00:00+00:00\",\"breadcrumb\":{\"@id\":\"https:\\\/\\\/www.pcandia.it\\\/volley\\\/notizie\\\/brava-candia-pol-candia-adriatica-volley-3-0\\\/#breadcrumb\"},\"inLanguage\":\"it-IT\",\"potentialAction\":[{\"@type\":\"ReadAction\",\"target\":[\"https:\\\/\\\/www.pcandia.it\\\/volley\\\/notizie\\\/brava-candia-pol-candia-adriatica-volley-3-0\\\/\"]}]},{\"@type\":\"BreadcrumbList\",\"@id\":\"https:\\\/\\\/www.pcandia.it\\\/volley\\\/notizie\\\/brava-candia-pol-candia-adriatica-volley-3-0\\\/#breadcrumb\",\"itemListElement\":[{\"@type\":\"ListItem\",\"position\":1,\"name\":\"Home\",\"item\":\"http:\\\/\\\/www.pcandia.it\\\/volley\\\/\"},{\"@type\":\"ListItem\",\"position\":2,\"name\":\"Brava Candia! Pol. Candia &#8211; Adriatica Volley 3 -0\"}]},{\"@type\":\"WebSite\",\"@id\":\"http:\\\/\\\/www.pcandia.it\\\/volley\\\/#website\",\"url\":\"http:\\\/\\\/www.pcandia.it\\\/volley\\\/\",\"name\":\"Candia Volley - Polisportiva Candia-Baraccola-Aspio\",\"description\":\"\",\"publisher\":{\"@id\":\"http:\\\/\\\/www.pcandia.it\\\/volley\\\/#organization\"},\"potentialAction\":[{\"@type\":\"SearchAction\",\"target\":{\"@type\":\"EntryPoint\",\"urlTemplate\":\"http:\\\/\\\/www.pcandia.it\\\/volley\\\/?s={search_term_string}\"},\"query-input\":{\"@type\":\"PropertyValueSpecification\",\"valueRequired\":true,\"valueName\":\"search_term_string\"}}],\"inLanguage\":\"it-IT\"},{\"@type\":\"Organization\",\"@id\":\"http:\\\/\\\/www.pcandia.it\\\/volley\\\/#organization\",\"name\":\"Candia Volley - Polisportiva Candia-Baraccola-Aspio (Ancona)\",\"url\":\"http:\\\/\\\/www.pcandia.it\\\/volley\\\/\",\"logo\":{\"@type\":\"ImageObject\",\"inLanguage\":\"it-IT\",\"@id\":\"http:\\\/\\\/www.pcandia.it\\\/volley\\\/#\\\/schema\\\/logo\\\/image\\\/\",\"url\":\"https:\\\/\\\/www.pcandia.it\\\/volley\\\/wp-content\\\/uploads\\\/2014\\\/10\\\/logomail.jpg\",\"contentUrl\":\"https:\\\/\\\/www.pcandia.it\\\/volley\\\/wp-content\\\/uploads\\\/2014\\\/10\\\/logomail.jpg\",\"width\":187,\"height\":161,\"caption\":\"Candia Volley - Polisportiva Candia-Baraccola-Aspio (Ancona)\"},\"image\":{\"@id\":\"http:\\\/\\\/www.pcandia.it\\\/volley\\\/#\\\/schema\\\/logo\\\/image\\\/\"},\"sameAs\":[\"https:\\\/\\\/www.facebook.com\\\/candiavolley\"]},{\"@type\":\"Person\",\"@id\":\"http:\\\/\\\/www.pcandia.it\\\/volley\\\/#\\\/schema\\\/person\\\/f756b1990c1d37014e323c82727cd8a2\",\"name\":\"Amministratore\",\"image\":{\"@type\":\"ImageObject\",\"inLanguage\":\"it-IT\",\"@id\":\"https:\\\/\\\/secure.gravatar.com\\\/avatar\\\/4a34cd08ee03174fb07810038b9bcccccb442a512a338228c74dd3c58f94220f?s=96&d=mm&r=g\",\"url\":\"https:\\\/\\\/secure.gravatar.com\\\/avatar\\\/4a34cd08ee03174fb07810038b9bcccccb442a512a338228c74dd3c58f94220f?s=96&d=mm&r=g\",\"contentUrl\":\"https:\\\/\\\/secure.gravatar.com\\\/avatar\\\/4a34cd08ee03174fb07810038b9bcccccb442a512a338228c74dd3c58f94220f?s=96&d=mm&r=g\",\"caption\":\"Amministratore\"},\"url\":\"https:\\\/\\\/www.pcandia.it\\\/volley\\\/author\\\/admin\\\/\"}]}<\/script>\n<!-- \/ Yoast SEO plugin. -->","yoast_head_json":{"title":"Brava Candia! Pol. Candia - Adriatica Volley 3 -0 - Candia Volley - Polisportiva Candia-Baraccola-Aspio","robots":{"index":"index","follow":"follow","max-snippet":"max-snippet:-1","max-image-preview":"max-image-preview:large","max-video-preview":"max-video-preview:-1"},"canonical":"https:\/\/www.pcandia.it\/volley\/notizie\/brava-candia-pol-candia-adriatica-volley-3-0\/","og_locale":"it_IT","og_type":"article","og_title":"Brava Candia! Pol. Candia - Adriatica Volley 3 -0 - Candia Volley - Polisportiva Candia-Baraccola-Aspio","og_description":"Doveva essere l&#8217;incontro pi\u00f9 temibile quello di mercoled\u00ec 22 febbraio per le ragazze di mister Talleri, l&#8217;incontro con l&#8217;Adriatica volley sesta classificata nel girone A e invece si \u00e8 rivelata una partita praticamente a senso unico.\u00a0Starting six con diagonale palleggiatore-opposta Giuliani-Rinaldi, in banda Polenti e Vaccarini, al centro Fratesi e [&hellip;]","og_url":"https:\/\/www.pcandia.it\/volley\/notizie\/brava-candia-pol-candia-adriatica-volley-3-0\/","og_site_name":"Candia Volley - Polisportiva Candia-Baraccola-Aspio","article_publisher":"https:\/\/www.facebook.com\/candiavolley","article_published_time":"2012-03-12T00:00:00+00:00","author":"Amministratore","twitter_card":"summary_large_image","twitter_misc":{"Scritto da":"Amministratore","Tempo di lettura stimato":"2 minuti"},"schema":{"@context":"https:\/\/schema.org","@graph":[{"@type":"Article","@id":"https:\/\/www.pcandia.it\/volley\/notizie\/brava-candia-pol-candia-adriatica-volley-3-0\/#article","isPartOf":{"@id":"https:\/\/www.pcandia.it\/volley\/notizie\/brava-candia-pol-candia-adriatica-volley-3-0\/"},"author":{"name":"Amministratore","@id":"http:\/\/www.pcandia.it\/volley\/#\/schema\/person\/f756b1990c1d37014e323c82727cd8a2"},"headline":"Brava Candia! Pol. Candia &#8211; Adriatica Volley 3 -0","datePublished":"2012-03-12T00:00:00+00:00","mainEntityOfPage":{"@id":"https:\/\/www.pcandia.it\/volley\/notizie\/brava-candia-pol-candia-adriatica-volley-3-0\/"},"wordCount":470,"commentCount":0,"publisher":{"@id":"http:\/\/www.pcandia.it\/volley\/#organization"},"articleSection":["Notizie"],"inLanguage":"it-IT","potentialAction":[{"@type":"CommentAction","name":"Comment","target":["https:\/\/www.pcandia.it\/volley\/notizie\/brava-candia-pol-candia-adriatica-volley-3-0\/#respond"]}]},{"@type":"WebPage","@id":"https:\/\/www.pcandia.it\/volley\/notizie\/brava-candia-pol-candia-adriatica-volley-3-0\/","url":"https:\/\/www.pcandia.it\/volley\/notizie\/brava-candia-pol-candia-adriatica-volley-3-0\/","name":"Brava Candia! Pol. Candia - Adriatica Volley 3 -0 - Candia Volley - Polisportiva Candia-Baraccola-Aspio","isPartOf":{"@id":"http:\/\/www.pcandia.it\/volley\/#website"},"datePublished":"2012-03-12T00:00:00+00:00","breadcrumb":{"@id":"https:\/\/www.pcandia.it\/volley\/notizie\/brava-candia-pol-candia-adriatica-volley-3-0\/#breadcrumb"},"inLanguage":"it-IT","potentialAction":[{"@type":"ReadAction","target":["https:\/\/www.pcandia.it\/volley\/notizie\/brava-candia-pol-candia-adriatica-volley-3-0\/"]}]},{"@type":"BreadcrumbList","@id":"https:\/\/www.pcandia.it\/volley\/notizie\/brava-candia-pol-candia-adriatica-volley-3-0\/#breadcrumb","itemListElement":[{"@type":"ListItem","position":1,"name":"Home","item":"http:\/\/www.pcandia.it\/volley\/"},{"@type":"ListItem","position":2,"name":"Brava Candia! Pol. Candia &#8211; Adriatica Volley 3 -0"}]},{"@type":"WebSite","@id":"http:\/\/www.pcandia.it\/volley\/#website","url":"http:\/\/www.pcandia.it\/volley\/","name":"Candia Volley - Polisportiva Candia-Baraccola-Aspio","description":"","publisher":{"@id":"http:\/\/www.pcandia.it\/volley\/#organization"},"potentialAction":[{"@type":"SearchAction","target":{"@type":"EntryPoint","urlTemplate":"http:\/\/www.pcandia.it\/volley\/?s={search_term_string}"},"query-input":{"@type":"PropertyValueSpecification","valueRequired":true,"valueName":"search_term_string"}}],"inLanguage":"it-IT"},{"@type":"Organization","@id":"http:\/\/www.pcandia.it\/volley\/#organization","name":"Candia Volley - Polisportiva Candia-Baraccola-Aspio (Ancona)","url":"http:\/\/www.pcandia.it\/volley\/","logo":{"@type":"ImageObject","inLanguage":"it-IT","@id":"http:\/\/www.pcandia.it\/volley\/#\/schema\/logo\/image\/","url":"https:\/\/www.pcandia.it\/volley\/wp-content\/uploads\/2014\/10\/logomail.jpg","contentUrl":"https:\/\/www.pcandia.it\/volley\/wp-content\/uploads\/2014\/10\/logomail.jpg","width":187,"height":161,"caption":"Candia Volley - Polisportiva Candia-Baraccola-Aspio (Ancona)"},"image":{"@id":"http:\/\/www.pcandia.it\/volley\/#\/schema\/logo\/image\/"},"sameAs":["https:\/\/www.facebook.com\/candiavolley"]},{"@type":"Person","@id":"http:\/\/www.pcandia.it\/volley\/#\/schema\/person\/f756b1990c1d37014e323c82727cd8a2","name":"Amministratore","image":{"@type":"ImageObject","inLanguage":"it-IT","@id":"https:\/\/secure.gravatar.com\/avatar\/4a34cd08ee03174fb07810038b9bcccccb442a512a338228c74dd3c58f94220f?s=96&d=mm&r=g","url":"https:\/\/secure.gravatar.com\/avatar\/4a34cd08ee03174fb07810038b9bcccccb442a512a338228c74dd3c58f94220f?s=96&d=mm&r=g","contentUrl":"https:\/\/secure.gravatar.com\/avatar\/4a34cd08ee03174fb07810038b9bcccccb442a512a338228c74dd3c58f94220f?s=96&d=mm&r=g","caption":"Amministratore"},"url":"https:\/\/www.pcandia.it\/volley\/author\/admin\/"}]}},"_links":{"self":[{"href":"https:\/\/www.pcandia.it\/volley\/wp-json\/wp\/v2\/posts\/406","targetHints":{"allow":["GET"]}}],"collection":[{"href":"https:\/\/www.pcandia.it\/volley\/wp-json\/wp\/v2\/posts"}],"about":[{"href":"https:\/\/www.pcandia.it\/volley\/wp-json\/wp\/v2\/types\/post"}],"author":[{"embeddable":true,"href":"https:\/\/www.pcandia.it\/volley\/wp-json\/wp\/v2\/users\/1"}],"replies":[{"embeddable":true,"href":"https:\/\/www.pcandia.it\/volley\/wp-json\/wp\/v2\/comments?post=406"}],"version-history":[{"count":0,"href":"https:\/\/www.pcandia.it\/volley\/wp-json\/wp\/v2\/posts\/406\/revisions"}],"wp:attachment":[{"href":"https:\/\/www.pcandia.it\/volley\/wp-json\/wp\/v2\/media?parent=406"}],"wp:term":[{"taxonomy":"category","embeddable":true,"href":"https:\/\/www.pcandia.it\/volley\/wp-json\/wp\/v2\/categories?post=406"},{"taxonomy":"post_tag","embeddable":true,"href":"https:\/\/www.pcandia.it\/volley\/wp-json\/wp\/v2\/tags?post=406"}],"curies":[{"name":"wp","href":"https:\/\/api.w.org\/{rel}","templated":true}]}}