{"id":414,"date":"2012-03-26T23:21:44","date_gmt":"2012-03-26T23:21:44","guid":{"rendered":"http:\/\/www.pcandia.it\/newvolley\/commenti-partite\/arc3d\/240312-edilcoast-polcandia\/"},"modified":"2012-03-26T23:21:44","modified_gmt":"2012-03-26T23:21:44","slug":"240312-edilcoast-polcandia","status":"publish","type":"post","link":"http:\/\/www.pcandia.it\/volley\/notizie\/240312-edilcoast-polcandia\/","title":{"rendered":"24\/03\/12  Edilcoast-PolCandia"},"content":{"rendered":"<div>Niente da fare per le ragazze di coach Sestilli contro le forti e determinate rivali dell&#8217;Edilcoast.<\/div>\n<div>La secca sconfitta per 3 a 0, con i parziali di 25\/16 &#8211; 25\/16 &#8211; 25\/15, evidenzia la netta superiorit\u00e0 della squadra prima in classifica.<\/div>\n<div>In nessuno dei tre set infatti, le nostre atlete sono riuscite ad arginare gli attacchi delle avversarie ed a rispondere con altrettanta carica agonistica. Il risultato dei set non \u00e8 stato mai in discussione. Inoltre Candia paga anche la serata non proprio felice di alcuni elementi importanti del sestetto di coach Sestilli, che dopo le ultime prestazioni certo non pensava di vedere una squadra molle cedere sotto i colpi dei martelli dell&#8217;Edilcoast.<\/div>\n<div>Comunque se facciamo un mini bilancio di queste ultime giornate, possiamo ritenerci soddisfatti.<\/div>\n<div>Infatti il team di Candia ha incontrato in sequenza la terza, la seconda e la prima in classifica, rimediando due sconfitte con Cral Amuchina (2\u00b0) ed Edilcoast(1\u00b0), ma andando a vincere in casa della Stacchiotti (3\u00b0). Anche perch\u00e8, considerando le prestazioni delle ragazze, tranne quella odierna, possiamo affermare che sono state convincenti e degne di nota(v.Cral Amuchina e Stacchiotti).<\/div>\n<div>Coach Sestilli dovr\u00e0 perci\u00f2 riprendere il discorso da quel che di buono si \u00e8 visto in questi ultimi match, e cercare di migliorare gli aspetti, sia tecnici che di carattere che sono mancati in alcune occasioni, per poter rivedere la squadra che ci aveva cos\u00ec ben impressionato.<\/div>\n<div><\/div>\n","protected":false},"excerpt":{"rendered":"<p>Niente da fare per le ragazze di coach Sestilli contro le forti e determinate rivali dell&#8217;Edilcoast. La secca sconfitta per 3 a 0, con i parziali di 25\/16 &#8211; 25\/16 &#8211; 25\/15, evidenzia la netta superiorit\u00e0 della squadra prima in classifica. In nessuno dei tre set infatti, le nostre atlete [&hellip;]<\/p>\n","protected":false},"author":1,"featured_media":0,"comment_status":"open","ping_status":"open","sticky":false,"template":"","format":"standard","meta":{"footnotes":""},"categories":[7],"tags":[],"class_list":["post-414","post","type-post","status-publish","format-standard","hentry","category-notizie"],"yoast_head":"<!-- This site is optimized with the Yoast SEO plugin v28.3 - https:\/\/yoast.com\/product\/yoast-seo-wordpress\/ -->\n<title>24\/03\/12 Edilcoast-PolCandia - Candia Volley - Polisportiva Candia-Baraccola-Aspio<\/title>\n<meta name=\"robots\" content=\"index, follow, max-snippet:-1, max-image-preview:large, max-video-preview:-1\" \/>\n<link rel=\"canonical\" href=\"https:\/\/www.pcandia.it\/volley\/notizie\/240312-edilcoast-polcandia\/\" \/>\n<meta property=\"og:locale\" content=\"it_IT\" \/>\n<meta property=\"og:type\" content=\"article\" \/>\n<meta property=\"og:title\" content=\"24\/03\/12 Edilcoast-PolCandia - Candia Volley - Polisportiva Candia-Baraccola-Aspio\" \/>\n<meta property=\"og:description\" content=\"Niente da fare per le ragazze di coach Sestilli contro le forti e determinate rivali dell&#8217;Edilcoast. La secca sconfitta per 3 a 0, con i parziali di 25\/16 &#8211; 25\/16 &#8211; 25\/15, evidenzia la netta superiorit\u00e0 della squadra prima in classifica. In nessuno dei tre set infatti, le nostre atlete [&hellip;]\" \/>\n<meta property=\"og:url\" content=\"https:\/\/www.pcandia.it\/volley\/notizie\/240312-edilcoast-polcandia\/\" \/>\n<meta property=\"og:site_name\" content=\"Candia Volley - Polisportiva Candia-Baraccola-Aspio\" \/>\n<meta property=\"article:publisher\" content=\"https:\/\/www.facebook.com\/candiavolley\" \/>\n<meta property=\"article:published_time\" content=\"2012-03-26T23:21:44+00:00\" \/>\n<meta name=\"author\" content=\"Amministratore\" \/>\n<meta name=\"twitter:card\" content=\"summary_large_image\" \/>\n<meta name=\"twitter:label1\" content=\"Scritto da\" \/>\n\t<meta name=\"twitter:data1\" content=\"Amministratore\" \/>\n\t<meta name=\"twitter:label2\" content=\"Tempo di lettura stimato\" \/>\n\t<meta name=\"twitter:data2\" content=\"1 minuto\" \/>\n<script type=\"application\/ld+json\" class=\"yoast-schema-graph\">{\"@context\":\"https:\\\/\\\/schema.org\",\"@graph\":[{\"@type\":\"Article\",\"@id\":\"https:\\\/\\\/www.pcandia.it\\\/volley\\\/notizie\\\/240312-edilcoast-polcandia\\\/#article\",\"isPartOf\":{\"@id\":\"https:\\\/\\\/www.pcandia.it\\\/volley\\\/notizie\\\/240312-edilcoast-polcandia\\\/\"},\"author\":{\"name\":\"Amministratore\",\"@id\":\"http:\\\/\\\/www.pcandia.it\\\/volley\\\/#\\\/schema\\\/person\\\/f756b1990c1d37014e323c82727cd8a2\"},\"headline\":\"24\\\/03\\\/12 Edilcoast-PolCandia\",\"datePublished\":\"2012-03-26T23:21:44+00:00\",\"mainEntityOfPage\":{\"@id\":\"https:\\\/\\\/www.pcandia.it\\\/volley\\\/notizie\\\/240312-edilcoast-polcandia\\\/\"},\"wordCount\":226,\"commentCount\":0,\"publisher\":{\"@id\":\"http:\\\/\\\/www.pcandia.it\\\/volley\\\/#organization\"},\"articleSection\":[\"Notizie\"],\"inLanguage\":\"it-IT\",\"potentialAction\":[{\"@type\":\"CommentAction\",\"name\":\"Comment\",\"target\":[\"https:\\\/\\\/www.pcandia.it\\\/volley\\\/notizie\\\/240312-edilcoast-polcandia\\\/#respond\"]}]},{\"@type\":\"WebPage\",\"@id\":\"https:\\\/\\\/www.pcandia.it\\\/volley\\\/notizie\\\/240312-edilcoast-polcandia\\\/\",\"url\":\"https:\\\/\\\/www.pcandia.it\\\/volley\\\/notizie\\\/240312-edilcoast-polcandia\\\/\",\"name\":\"24\\\/03\\\/12 Edilcoast-PolCandia - Candia Volley - Polisportiva Candia-Baraccola-Aspio\",\"isPartOf\":{\"@id\":\"http:\\\/\\\/www.pcandia.it\\\/volley\\\/#website\"},\"datePublished\":\"2012-03-26T23:21:44+00:00\",\"breadcrumb\":{\"@id\":\"https:\\\/\\\/www.pcandia.it\\\/volley\\\/notizie\\\/240312-edilcoast-polcandia\\\/#breadcrumb\"},\"inLanguage\":\"it-IT\",\"potentialAction\":[{\"@type\":\"ReadAction\",\"target\":[\"https:\\\/\\\/www.pcandia.it\\\/volley\\\/notizie\\\/240312-edilcoast-polcandia\\\/\"]}]},{\"@type\":\"BreadcrumbList\",\"@id\":\"https:\\\/\\\/www.pcandia.it\\\/volley\\\/notizie\\\/240312-edilcoast-polcandia\\\/#breadcrumb\",\"itemListElement\":[{\"@type\":\"ListItem\",\"position\":1,\"name\":\"Home\",\"item\":\"http:\\\/\\\/www.pcandia.it\\\/volley\\\/\"},{\"@type\":\"ListItem\",\"position\":2,\"name\":\"24\\\/03\\\/12 Edilcoast-PolCandia\"}]},{\"@type\":\"WebSite\",\"@id\":\"http:\\\/\\\/www.pcandia.it\\\/volley\\\/#website\",\"url\":\"http:\\\/\\\/www.pcandia.it\\\/volley\\\/\",\"name\":\"Candia Volley - Polisportiva Candia-Baraccola-Aspio\",\"description\":\"\",\"publisher\":{\"@id\":\"http:\\\/\\\/www.pcandia.it\\\/volley\\\/#organization\"},\"potentialAction\":[{\"@type\":\"SearchAction\",\"target\":{\"@type\":\"EntryPoint\",\"urlTemplate\":\"http:\\\/\\\/www.pcandia.it\\\/volley\\\/?s={search_term_string}\"},\"query-input\":{\"@type\":\"PropertyValueSpecification\",\"valueRequired\":true,\"valueName\":\"search_term_string\"}}],\"inLanguage\":\"it-IT\"},{\"@type\":\"Organization\",\"@id\":\"http:\\\/\\\/www.pcandia.it\\\/volley\\\/#organization\",\"name\":\"Candia Volley - Polisportiva Candia-Baraccola-Aspio (Ancona)\",\"url\":\"http:\\\/\\\/www.pcandia.it\\\/volley\\\/\",\"logo\":{\"@type\":\"ImageObject\",\"inLanguage\":\"it-IT\",\"@id\":\"http:\\\/\\\/www.pcandia.it\\\/volley\\\/#\\\/schema\\\/logo\\\/image\\\/\",\"url\":\"http:\\\/\\\/www.pcandia.it\\\/volley\\\/wp-content\\\/uploads\\\/2014\\\/10\\\/logomail.jpg\",\"contentUrl\":\"http:\\\/\\\/www.pcandia.it\\\/volley\\\/wp-content\\\/uploads\\\/2014\\\/10\\\/logomail.jpg\",\"width\":187,\"height\":161,\"caption\":\"Candia Volley - Polisportiva Candia-Baraccola-Aspio (Ancona)\"},\"image\":{\"@id\":\"http:\\\/\\\/www.pcandia.it\\\/volley\\\/#\\\/schema\\\/logo\\\/image\\\/\"},\"sameAs\":[\"https:\\\/\\\/www.facebook.com\\\/candiavolley\"]},{\"@type\":\"Person\",\"@id\":\"http:\\\/\\\/www.pcandia.it\\\/volley\\\/#\\\/schema\\\/person\\\/f756b1990c1d37014e323c82727cd8a2\",\"name\":\"Amministratore\",\"image\":{\"@type\":\"ImageObject\",\"inLanguage\":\"it-IT\",\"@id\":\"https:\\\/\\\/secure.gravatar.com\\\/avatar\\\/4a34cd08ee03174fb07810038b9bcccccb442a512a338228c74dd3c58f94220f?s=96&d=mm&r=g\",\"url\":\"https:\\\/\\\/secure.gravatar.com\\\/avatar\\\/4a34cd08ee03174fb07810038b9bcccccb442a512a338228c74dd3c58f94220f?s=96&d=mm&r=g\",\"contentUrl\":\"https:\\\/\\\/secure.gravatar.com\\\/avatar\\\/4a34cd08ee03174fb07810038b9bcccccb442a512a338228c74dd3c58f94220f?s=96&d=mm&r=g\",\"caption\":\"Amministratore\"},\"url\":\"http:\\\/\\\/www.pcandia.it\\\/volley\\\/author\\\/admin\\\/\"}]}<\/script>\n<!-- \/ Yoast SEO plugin. -->","yoast_head_json":{"title":"24\/03\/12 Edilcoast-PolCandia - Candia Volley - Polisportiva Candia-Baraccola-Aspio","robots":{"index":"index","follow":"follow","max-snippet":"max-snippet:-1","max-image-preview":"max-image-preview:large","max-video-preview":"max-video-preview:-1"},"canonical":"https:\/\/www.pcandia.it\/volley\/notizie\/240312-edilcoast-polcandia\/","og_locale":"it_IT","og_type":"article","og_title":"24\/03\/12 Edilcoast-PolCandia - Candia Volley - Polisportiva Candia-Baraccola-Aspio","og_description":"Niente da fare per le ragazze di coach Sestilli contro le forti e determinate rivali dell&#8217;Edilcoast. La secca sconfitta per 3 a 0, con i parziali di 25\/16 &#8211; 25\/16 &#8211; 25\/15, evidenzia la netta superiorit\u00e0 della squadra prima in classifica. In nessuno dei tre set infatti, le nostre atlete [&hellip;]","og_url":"https:\/\/www.pcandia.it\/volley\/notizie\/240312-edilcoast-polcandia\/","og_site_name":"Candia Volley - Polisportiva Candia-Baraccola-Aspio","article_publisher":"https:\/\/www.facebook.com\/candiavolley","article_published_time":"2012-03-26T23:21:44+00:00","author":"Amministratore","twitter_card":"summary_large_image","twitter_misc":{"Scritto da":"Amministratore","Tempo di lettura stimato":"1 minuto"},"schema":{"@context":"https:\/\/schema.org","@graph":[{"@type":"Article","@id":"https:\/\/www.pcandia.it\/volley\/notizie\/240312-edilcoast-polcandia\/#article","isPartOf":{"@id":"https:\/\/www.pcandia.it\/volley\/notizie\/240312-edilcoast-polcandia\/"},"author":{"name":"Amministratore","@id":"http:\/\/www.pcandia.it\/volley\/#\/schema\/person\/f756b1990c1d37014e323c82727cd8a2"},"headline":"24\/03\/12 Edilcoast-PolCandia","datePublished":"2012-03-26T23:21:44+00:00","mainEntityOfPage":{"@id":"https:\/\/www.pcandia.it\/volley\/notizie\/240312-edilcoast-polcandia\/"},"wordCount":226,"commentCount":0,"publisher":{"@id":"http:\/\/www.pcandia.it\/volley\/#organization"},"articleSection":["Notizie"],"inLanguage":"it-IT","potentialAction":[{"@type":"CommentAction","name":"Comment","target":["https:\/\/www.pcandia.it\/volley\/notizie\/240312-edilcoast-polcandia\/#respond"]}]},{"@type":"WebPage","@id":"https:\/\/www.pcandia.it\/volley\/notizie\/240312-edilcoast-polcandia\/","url":"https:\/\/www.pcandia.it\/volley\/notizie\/240312-edilcoast-polcandia\/","name":"24\/03\/12 Edilcoast-PolCandia - Candia Volley - Polisportiva Candia-Baraccola-Aspio","isPartOf":{"@id":"http:\/\/www.pcandia.it\/volley\/#website"},"datePublished":"2012-03-26T23:21:44+00:00","breadcrumb":{"@id":"https:\/\/www.pcandia.it\/volley\/notizie\/240312-edilcoast-polcandia\/#breadcrumb"},"inLanguage":"it-IT","potentialAction":[{"@type":"ReadAction","target":["https:\/\/www.pcandia.it\/volley\/notizie\/240312-edilcoast-polcandia\/"]}]},{"@type":"BreadcrumbList","@id":"https:\/\/www.pcandia.it\/volley\/notizie\/240312-edilcoast-polcandia\/#breadcrumb","itemListElement":[{"@type":"ListItem","position":1,"name":"Home","item":"http:\/\/www.pcandia.it\/volley\/"},{"@type":"ListItem","position":2,"name":"24\/03\/12 Edilcoast-PolCandia"}]},{"@type":"WebSite","@id":"http:\/\/www.pcandia.it\/volley\/#website","url":"http:\/\/www.pcandia.it\/volley\/","name":"Candia Volley - Polisportiva Candia-Baraccola-Aspio","description":"","publisher":{"@id":"http:\/\/www.pcandia.it\/volley\/#organization"},"potentialAction":[{"@type":"SearchAction","target":{"@type":"EntryPoint","urlTemplate":"http:\/\/www.pcandia.it\/volley\/?s={search_term_string}"},"query-input":{"@type":"PropertyValueSpecification","valueRequired":true,"valueName":"search_term_string"}}],"inLanguage":"it-IT"},{"@type":"Organization","@id":"http:\/\/www.pcandia.it\/volley\/#organization","name":"Candia Volley - Polisportiva Candia-Baraccola-Aspio (Ancona)","url":"http:\/\/www.pcandia.it\/volley\/","logo":{"@type":"ImageObject","inLanguage":"it-IT","@id":"http:\/\/www.pcandia.it\/volley\/#\/schema\/logo\/image\/","url":"http:\/\/www.pcandia.it\/volley\/wp-content\/uploads\/2014\/10\/logomail.jpg","contentUrl":"http:\/\/www.pcandia.it\/volley\/wp-content\/uploads\/2014\/10\/logomail.jpg","width":187,"height":161,"caption":"Candia Volley - Polisportiva Candia-Baraccola-Aspio (Ancona)"},"image":{"@id":"http:\/\/www.pcandia.it\/volley\/#\/schema\/logo\/image\/"},"sameAs":["https:\/\/www.facebook.com\/candiavolley"]},{"@type":"Person","@id":"http:\/\/www.pcandia.it\/volley\/#\/schema\/person\/f756b1990c1d37014e323c82727cd8a2","name":"Amministratore","image":{"@type":"ImageObject","inLanguage":"it-IT","@id":"https:\/\/secure.gravatar.com\/avatar\/4a34cd08ee03174fb07810038b9bcccccb442a512a338228c74dd3c58f94220f?s=96&d=mm&r=g","url":"https:\/\/secure.gravatar.com\/avatar\/4a34cd08ee03174fb07810038b9bcccccb442a512a338228c74dd3c58f94220f?s=96&d=mm&r=g","contentUrl":"https:\/\/secure.gravatar.com\/avatar\/4a34cd08ee03174fb07810038b9bcccccb442a512a338228c74dd3c58f94220f?s=96&d=mm&r=g","caption":"Amministratore"},"url":"http:\/\/www.pcandia.it\/volley\/author\/admin\/"}]}},"_links":{"self":[{"href":"http:\/\/www.pcandia.it\/volley\/wp-json\/wp\/v2\/posts\/414","targetHints":{"allow":["GET"]}}],"collection":[{"href":"http:\/\/www.pcandia.it\/volley\/wp-json\/wp\/v2\/posts"}],"about":[{"href":"http:\/\/www.pcandia.it\/volley\/wp-json\/wp\/v2\/types\/post"}],"author":[{"embeddable":true,"href":"http:\/\/www.pcandia.it\/volley\/wp-json\/wp\/v2\/users\/1"}],"replies":[{"embeddable":true,"href":"http:\/\/www.pcandia.it\/volley\/wp-json\/wp\/v2\/comments?post=414"}],"version-history":[{"count":0,"href":"http:\/\/www.pcandia.it\/volley\/wp-json\/wp\/v2\/posts\/414\/revisions"}],"wp:attachment":[{"href":"http:\/\/www.pcandia.it\/volley\/wp-json\/wp\/v2\/media?parent=414"}],"wp:term":[{"taxonomy":"category","embeddable":true,"href":"http:\/\/www.pcandia.it\/volley\/wp-json\/wp\/v2\/categories?post=414"},{"taxonomy":"post_tag","embeddable":true,"href":"http:\/\/www.pcandia.it\/volley\/wp-json\/wp\/v2\/tags?post=414"}],"curies":[{"name":"wp","href":"https:\/\/api.w.org\/{rel}","templated":true}]}}