{"id":401,"date":"2012-03-12T17:16:28","date_gmt":"2012-03-12T17:16:28","guid":{"rendered":"http:\/\/www.pcandia.it\/newvolley\/interviste\/allenatori-a-dirigenti\/un-concentrato-di-esperienza-ecco-a-voi-mauro-talleri\/"},"modified":"2017-03-24T17:46:18","modified_gmt":"2017-03-24T17:46:18","slug":"un-concentrato-di-esperienza-ecco-a-voi-mauro-talleri","status":"publish","type":"post","link":"http:\/\/www.pcandia.it\/volley\/chi-e-passato-di-qua\/un-concentrato-di-esperienza-ecco-a-voi-mauro-talleri\/","title":{"rendered":"Un concentrato di esperienza&#8230; Ecco a voi Mauro Talleri!"},"content":{"rendered":"<p><strong>Quest&#8217;estate \u00e8 arrivato un po&#8217; a sorpresa, visto le nostre &#8220;umili&#8221; ambizioni di &#8220;dilettanti allo sbaraglio&#8221; un nuovo allenatore, un allenatore con un lungo palmares alle spalle: mister Talleri (e non chiamatelo coach!!).<\/strong><\/p>\n<p style=\"text-align: center;\"><strong><img loading=\"lazy\" decoding=\"async\" class=\" size-full wp-image-277\" alt=\"talleri11\" src=\"http:\/\/www.pcandia.it\/newvolley\/wp-content\/uploads\/2006\/10\/talleri11.png\" height=\"134\" width=\"90\" \/><\/strong><\/p>\n<p><strong>1) Buonasera Mister, finalmente tornati online possiamo avere il privilegio di scambiare qualche battuta con lei. Partiamo subito dall&#8217;arrivo a Candia, prima di ripercorrere le tappe della sua carriera. Qual \u00e8 stata, in tutta sincerit\u00e0, la \u00a0prima impressione di Candia e delle ragazze che sta allenando?<\/strong><\/p>\n<p style=\"text-align: center;\"><strong><br \/><\/strong><\/p>\n<p>Uhm&#8230; Buono, buono, per il solo fatto che a luglio siamo riusciti ad organizzare un allenamento con 12 persone&#8230; anzi direi&#8230; uhm&#8230; buono.<\/p>\n<p><strong>2) Quest&#8217;anno per Candia l&#8217;obiettivo \u00e8 la salvezza. Un obiettivo alla portata della &#8220;banda bassotti&#8221;?<\/strong><\/p>\n<p>Ah s\u00ec, la banda bassotti, cos\u00ec l&#8217;ho definita, giustamente. Ma effettivamente si sono dimostrate all&#8217;altezza della situazione e hanno praticamente (facendo i debiti scongiuri aggiunge l&#8217;intervistatore!!!) raggiunto l&#8217;obiettivo. Dimostrando una passione e una volont\u00e0 senza pari.<\/p>\n<p><strong>3) Riandando alle origini. Come \u00e8 iniziato il suo amore viscerale per il volley?<\/strong><\/p>\n<p>E&#8217; iniziato a 9 anni allorch\u00e8 un folle mi ha detto: &#8220;domani ti presenti al campetto dei frati con scarpe da tennis e maglietta&#8221;.<\/p>\n<p><strong>4) E fu amore a prima vista per questo sport?<\/strong><\/p>\n<p>E iniziarono i problemi per mia madre che per tutta la vita ha dovuto lavare una marea di panni sudati.<\/p>\n<p><span style=\"font-weight: bold;\">4) qual \u00e8 stata la prima grande soddisfazione e la prima cocente delusione?<\/span><\/p>\n<p><span style=\"font-weight: bold;\">La prima delusione fu l&#8217;eliminazione dalla fase provinciale di under 14, eliminazione arrivata da parte della Sabini Castelferretti che aveva messo in campo giocatori fuori et\u00e0. Questo lo venimmo a sapere dopo. <\/span><\/p>\n<p><span style=\"font-weight: bold;\">5) E la soddisfazione?<\/span><\/p>\n<p><span style=\"font-weight: bold;\">Ogni giorno era una soddisfazione perch\u00e8 io venivo portato sempre con i gruppi pi\u00f9 grandi e questo mi dava grandi stimoli e la mia passione cresceva sempre di pi\u00f9.<\/span><\/p>\n<p>\u00a0<\/p>\n<p><span style=\"font-weight: bold;\">6) E quando \u00e8 nata la voglia di passare dall&#8217;altra parte della barricata, non pi\u00f9 solo giocatore ma anche allenatore?<\/span><\/p>\n<p>Sono diventato allenatore perch\u00e8 avevo la mentalit\u00e0 da allenatore. Ero capitano e capogruppo e allenatore in campo, \u00a0e per questo in seguito a un grave infortunio i dirigenti<span style=\"font-weight: bold;\">\u00a0mi indirizzarono verso questo ruolo.<\/span><\/p>\n<p><span style=\"font-weight: bold;\">7) Ha trovato pi\u00f9 soddisfazione da allenatore o da giocatore?<\/span><\/p>\n<p>La soddisfazione vera \u00e8 giocare. L&#8217;essenza vera \u00e8 il gioco, \u00e8 stare in mezzo al campo, ma se per questioni evidenti devi stare di fianco, riesci comunque a trovare delle soddisfazioni. Anche se la soddisfazione pi\u00f9 grande rimane quella attraverso i tuoi consigli qualcuno riesce a muoversi (e nel tempo ) in maniera da prendersi le proprie soddisfazioni in campo. Non ho sempre allenato gruppi scelti e proprio dai meno &#8220;blasonati\/e&#8221; mi sono arrivati i pi\u00f9 gratifcanti riconoscimenti.<\/p>\n<p><strong>8) Lei nella sua lunga carriera ha avuto modo di ricorprire quasi tutti i ruoli a livello societari. Qual \u00e8 il ruolo che le \u00e8 risultato pi\u00f9 ostico?\u00a0<\/strong><\/p>\n<p>Ostico nessuno, mi sono adattato a tutti. Quello pi\u00f9 ingrato \u00e8 quello di direttore sportivo ad alto livello (professionistico), laddove sei obbligato ad effettuare il lavoro &#8220;sporco&#8221;, cio\u00e8 il ruolo di &#8220;cattivo&#8221;.<\/p>\n<p><strong>9) Com&#8217;\u00e8 cambiato in questi anni (per non dire decenni) il volley?<\/strong><\/p>\n<p>E&#8217; cambiato tanto perch\u00e8 sono cambiati i ragazzi e le ragazze. Ma alcune ragazze di Candia mi riportano alla grinta e alla genuina passione del passato.<\/p>\n<p><strong>10) E tornando proprio ai colori bianco-blu, si poteva chiedere qualcosa di pi\u00f9 da questo campionato?<\/strong><\/p>\n<p>Secondo me le ragazze hanno dato il massimo. Tant&#8217;\u00e8 che adesso facciamo una piacevole pallavolo che mi soddisfa. E non a caso i risultati stanno arrivando come fosse una cosa normale e invece vincere non \u00e8 mai cosa da poco.\u00a0<\/p>\n<p><strong>11) Quale voto d\u00e0 a questa stagione nel complesso?<\/strong><\/p>\n<p>Un buon voto, di piena sufficienza.<\/p>\n<p><strong>12) Prima di salutarla e ringraziarla per la sua disponibilit\u00e0 le chiediamo due cose. Innanzitutto cosa dovr\u00e0 fare Candia (in generale) per migliorarsi nella prossima stagione. E seconda cosa, adesso ha la possibilit\u00e0 di &#8220;redimersi&#8221;, puo&#8217; trovare un epiteto pi\u00f9 &#8220;lusinghiero&#8221; per la banda bassotti. A lei la parola&#8230;<\/strong><\/p>\n<p>Sono contento di aver trasmesso degli input tecnici che le ragazze hanno recepito anche grazie al lavoro del nostro &#8220;presidente&#8221; che si \u00e8 prodigata nel professare disponibilit\u00e0 e pazienza verso le atlete che spero abbiano acquisito anche un po&#8217; della mentalit\u00e0 a cui io tengo arrivare. Una mentalit\u00e0 combattiva con chiunque e vincente secondo il mio credo tecnico. E scusate se sono modesto. Per me chiamarle &#8220;banda bassotti&#8221; la pi\u00f9 simpatica definizione che ho trovato nei primi momento e quindi perch\u00e8 cambiarla?\u00a0<\/p>\n<p>\u00a0<\/p>\n<p><strong>E cos\u00ec mister Talleri conclude la sua chiacchierarata con noi, scappendo verso la palestra per portare avanti il suo credo. Noi lo ringraziamo per questa stagione che ci sta regalando grosse soddisfazioni, lo ringraziamo per tutti i preziosi consigli che ha saputo darci in questi mesi insiemi e ci auguriamo che il sodalizio possa continare. Grazie mister!\u00a0<\/strong><\/p>\n","protected":false},"excerpt":{"rendered":"<p>Quest&#8217;estate \u00e8 arrivato un po&#8217; a sorpresa, visto le nostre &#8220;umili&#8221; ambizioni di &#8220;dilettanti allo sbaraglio&#8221; un nuovo allenatore, un allenatore con un lungo palmares alle spalle: mister Talleri (e non chiamatelo coach!!). 1) Buonasera Mister, finalmente tornati online possiamo avere il privilegio di scambiare qualche battuta con lei. Partiamo [&hellip;]<\/p>\n","protected":false},"author":1,"featured_media":277,"comment_status":"open","ping_status":"open","sticky":false,"template":"","format":"standard","meta":{"footnotes":""},"categories":[84],"tags":[],"class_list":["post-401","post","type-post","status-publish","format-standard","has-post-thumbnail","hentry","category-chi-e-passato-di-qua"],"yoast_head":"<!-- This site is optimized with the Yoast SEO plugin v28.3 - https:\/\/yoast.com\/product\/yoast-seo-wordpress\/ -->\n<title>Un concentrato di esperienza... Ecco a voi Mauro Talleri! - Candia Volley - Polisportiva Candia-Baraccola-Aspio<\/title>\n<meta name=\"robots\" content=\"index, follow, max-snippet:-1, max-image-preview:large, max-video-preview:-1\" \/>\n<link rel=\"canonical\" href=\"https:\/\/www.pcandia.it\/volley\/chi-e-passato-di-qua\/un-concentrato-di-esperienza-ecco-a-voi-mauro-talleri\/\" \/>\n<meta property=\"og:locale\" content=\"it_IT\" \/>\n<meta property=\"og:type\" content=\"article\" \/>\n<meta property=\"og:title\" content=\"Un concentrato di esperienza... Ecco a voi Mauro Talleri! - Candia Volley - Polisportiva Candia-Baraccola-Aspio\" \/>\n<meta property=\"og:description\" content=\"Quest&#8217;estate \u00e8 arrivato un po&#8217; a sorpresa, visto le nostre &#8220;umili&#8221; ambizioni di &#8220;dilettanti allo sbaraglio&#8221; un nuovo allenatore, un allenatore con un lungo palmares alle spalle: mister Talleri (e non chiamatelo coach!!). 1) Buonasera Mister, finalmente tornati online possiamo avere il privilegio di scambiare qualche battuta con lei. Partiamo [&hellip;]\" \/>\n<meta property=\"og:url\" content=\"https:\/\/www.pcandia.it\/volley\/chi-e-passato-di-qua\/un-concentrato-di-esperienza-ecco-a-voi-mauro-talleri\/\" \/>\n<meta property=\"og:site_name\" content=\"Candia Volley - Polisportiva Candia-Baraccola-Aspio\" \/>\n<meta property=\"article:publisher\" content=\"https:\/\/www.facebook.com\/candiavolley\" \/>\n<meta property=\"article:published_time\" content=\"2012-03-12T17:16:28+00:00\" \/>\n<meta property=\"article:modified_time\" content=\"2017-03-24T17:46:18+00:00\" \/>\n<meta property=\"og:image\" content=\"https:\/\/www.pcandia.it\/volley\/wp-content\/uploads\/2006\/10\/talleri11.png\" \/>\n\t<meta property=\"og:image:width\" content=\"90\" \/>\n\t<meta property=\"og:image:height\" content=\"134\" \/>\n\t<meta property=\"og:image:type\" content=\"image\/png\" \/>\n<meta name=\"author\" content=\"Amministratore\" \/>\n<meta name=\"twitter:card\" content=\"summary_large_image\" \/>\n<meta name=\"twitter:label1\" content=\"Scritto da\" \/>\n\t<meta name=\"twitter:data1\" content=\"Amministratore\" \/>\n\t<meta name=\"twitter:label2\" content=\"Tempo di lettura stimato\" \/>\n\t<meta name=\"twitter:data2\" content=\"4 minuti\" \/>\n<script type=\"application\/ld+json\" class=\"yoast-schema-graph\">{\"@context\":\"https:\\\/\\\/schema.org\",\"@graph\":[{\"@type\":\"Article\",\"@id\":\"https:\\\/\\\/www.pcandia.it\\\/volley\\\/chi-e-passato-di-qua\\\/un-concentrato-di-esperienza-ecco-a-voi-mauro-talleri\\\/#article\",\"isPartOf\":{\"@id\":\"https:\\\/\\\/www.pcandia.it\\\/volley\\\/chi-e-passato-di-qua\\\/un-concentrato-di-esperienza-ecco-a-voi-mauro-talleri\\\/\"},\"author\":{\"name\":\"Amministratore\",\"@id\":\"http:\\\/\\\/www.pcandia.it\\\/volley\\\/#\\\/schema\\\/person\\\/f756b1990c1d37014e323c82727cd8a2\"},\"headline\":\"Un concentrato di esperienza&#8230; Ecco a voi Mauro Talleri!\",\"datePublished\":\"2012-03-12T17:16:28+00:00\",\"dateModified\":\"2017-03-24T17:46:18+00:00\",\"mainEntityOfPage\":{\"@id\":\"https:\\\/\\\/www.pcandia.it\\\/volley\\\/chi-e-passato-di-qua\\\/un-concentrato-di-esperienza-ecco-a-voi-mauro-talleri\\\/\"},\"wordCount\":776,\"commentCount\":0,\"publisher\":{\"@id\":\"http:\\\/\\\/www.pcandia.it\\\/volley\\\/#organization\"},\"image\":{\"@id\":\"https:\\\/\\\/www.pcandia.it\\\/volley\\\/chi-e-passato-di-qua\\\/un-concentrato-di-esperienza-ecco-a-voi-mauro-talleri\\\/#primaryimage\"},\"thumbnailUrl\":\"http:\\\/\\\/www.pcandia.it\\\/volley\\\/wp-content\\\/uploads\\\/2006\\\/10\\\/talleri11.png\",\"articleSection\":[\"Chi \u00e8 passato di qua...\"],\"inLanguage\":\"it-IT\",\"potentialAction\":[{\"@type\":\"CommentAction\",\"name\":\"Comment\",\"target\":[\"https:\\\/\\\/www.pcandia.it\\\/volley\\\/chi-e-passato-di-qua\\\/un-concentrato-di-esperienza-ecco-a-voi-mauro-talleri\\\/#respond\"]}]},{\"@type\":\"WebPage\",\"@id\":\"https:\\\/\\\/www.pcandia.it\\\/volley\\\/chi-e-passato-di-qua\\\/un-concentrato-di-esperienza-ecco-a-voi-mauro-talleri\\\/\",\"url\":\"https:\\\/\\\/www.pcandia.it\\\/volley\\\/chi-e-passato-di-qua\\\/un-concentrato-di-esperienza-ecco-a-voi-mauro-talleri\\\/\",\"name\":\"Un concentrato di esperienza... Ecco a voi Mauro Talleri! - Candia Volley - Polisportiva Candia-Baraccola-Aspio\",\"isPartOf\":{\"@id\":\"http:\\\/\\\/www.pcandia.it\\\/volley\\\/#website\"},\"primaryImageOfPage\":{\"@id\":\"https:\\\/\\\/www.pcandia.it\\\/volley\\\/chi-e-passato-di-qua\\\/un-concentrato-di-esperienza-ecco-a-voi-mauro-talleri\\\/#primaryimage\"},\"image\":{\"@id\":\"https:\\\/\\\/www.pcandia.it\\\/volley\\\/chi-e-passato-di-qua\\\/un-concentrato-di-esperienza-ecco-a-voi-mauro-talleri\\\/#primaryimage\"},\"thumbnailUrl\":\"http:\\\/\\\/www.pcandia.it\\\/volley\\\/wp-content\\\/uploads\\\/2006\\\/10\\\/talleri11.png\",\"datePublished\":\"2012-03-12T17:16:28+00:00\",\"dateModified\":\"2017-03-24T17:46:18+00:00\",\"breadcrumb\":{\"@id\":\"https:\\\/\\\/www.pcandia.it\\\/volley\\\/chi-e-passato-di-qua\\\/un-concentrato-di-esperienza-ecco-a-voi-mauro-talleri\\\/#breadcrumb\"},\"inLanguage\":\"it-IT\",\"potentialAction\":[{\"@type\":\"ReadAction\",\"target\":[\"https:\\\/\\\/www.pcandia.it\\\/volley\\\/chi-e-passato-di-qua\\\/un-concentrato-di-esperienza-ecco-a-voi-mauro-talleri\\\/\"]}]},{\"@type\":\"ImageObject\",\"inLanguage\":\"it-IT\",\"@id\":\"https:\\\/\\\/www.pcandia.it\\\/volley\\\/chi-e-passato-di-qua\\\/un-concentrato-di-esperienza-ecco-a-voi-mauro-talleri\\\/#primaryimage\",\"url\":\"http:\\\/\\\/www.pcandia.it\\\/volley\\\/wp-content\\\/uploads\\\/2006\\\/10\\\/talleri11.png\",\"contentUrl\":\"http:\\\/\\\/www.pcandia.it\\\/volley\\\/wp-content\\\/uploads\\\/2006\\\/10\\\/talleri11.png\",\"width\":90,\"height\":134,\"caption\":\"talleri11\"},{\"@type\":\"BreadcrumbList\",\"@id\":\"https:\\\/\\\/www.pcandia.it\\\/volley\\\/chi-e-passato-di-qua\\\/un-concentrato-di-esperienza-ecco-a-voi-mauro-talleri\\\/#breadcrumb\",\"itemListElement\":[{\"@type\":\"ListItem\",\"position\":1,\"name\":\"Home\",\"item\":\"http:\\\/\\\/www.pcandia.it\\\/volley\\\/\"},{\"@type\":\"ListItem\",\"position\":2,\"name\":\"Un concentrato di esperienza&#8230; Ecco a voi Mauro Talleri!\"}]},{\"@type\":\"WebSite\",\"@id\":\"http:\\\/\\\/www.pcandia.it\\\/volley\\\/#website\",\"url\":\"http:\\\/\\\/www.pcandia.it\\\/volley\\\/\",\"name\":\"Candia Volley - Polisportiva Candia-Baraccola-Aspio\",\"description\":\"\",\"publisher\":{\"@id\":\"http:\\\/\\\/www.pcandia.it\\\/volley\\\/#organization\"},\"potentialAction\":[{\"@type\":\"SearchAction\",\"target\":{\"@type\":\"EntryPoint\",\"urlTemplate\":\"http:\\\/\\\/www.pcandia.it\\\/volley\\\/?s={search_term_string}\"},\"query-input\":{\"@type\":\"PropertyValueSpecification\",\"valueRequired\":true,\"valueName\":\"search_term_string\"}}],\"inLanguage\":\"it-IT\"},{\"@type\":\"Organization\",\"@id\":\"http:\\\/\\\/www.pcandia.it\\\/volley\\\/#organization\",\"name\":\"Candia Volley - Polisportiva Candia-Baraccola-Aspio (Ancona)\",\"url\":\"http:\\\/\\\/www.pcandia.it\\\/volley\\\/\",\"logo\":{\"@type\":\"ImageObject\",\"inLanguage\":\"it-IT\",\"@id\":\"http:\\\/\\\/www.pcandia.it\\\/volley\\\/#\\\/schema\\\/logo\\\/image\\\/\",\"url\":\"http:\\\/\\\/www.pcandia.it\\\/volley\\\/wp-content\\\/uploads\\\/2014\\\/10\\\/logomail.jpg\",\"contentUrl\":\"http:\\\/\\\/www.pcandia.it\\\/volley\\\/wp-content\\\/uploads\\\/2014\\\/10\\\/logomail.jpg\",\"width\":187,\"height\":161,\"caption\":\"Candia Volley - Polisportiva Candia-Baraccola-Aspio (Ancona)\"},\"image\":{\"@id\":\"http:\\\/\\\/www.pcandia.it\\\/volley\\\/#\\\/schema\\\/logo\\\/image\\\/\"},\"sameAs\":[\"https:\\\/\\\/www.facebook.com\\\/candiavolley\"]},{\"@type\":\"Person\",\"@id\":\"http:\\\/\\\/www.pcandia.it\\\/volley\\\/#\\\/schema\\\/person\\\/f756b1990c1d37014e323c82727cd8a2\",\"name\":\"Amministratore\",\"image\":{\"@type\":\"ImageObject\",\"inLanguage\":\"it-IT\",\"@id\":\"https:\\\/\\\/secure.gravatar.com\\\/avatar\\\/4a34cd08ee03174fb07810038b9bcccccb442a512a338228c74dd3c58f94220f?s=96&d=mm&r=g\",\"url\":\"https:\\\/\\\/secure.gravatar.com\\\/avatar\\\/4a34cd08ee03174fb07810038b9bcccccb442a512a338228c74dd3c58f94220f?s=96&d=mm&r=g\",\"contentUrl\":\"https:\\\/\\\/secure.gravatar.com\\\/avatar\\\/4a34cd08ee03174fb07810038b9bcccccb442a512a338228c74dd3c58f94220f?s=96&d=mm&r=g\",\"caption\":\"Amministratore\"},\"url\":\"http:\\\/\\\/www.pcandia.it\\\/volley\\\/author\\\/admin\\\/\"}]}<\/script>\n<!-- \/ Yoast SEO plugin. -->","yoast_head_json":{"title":"Un concentrato di esperienza... Ecco a voi Mauro Talleri! - Candia Volley - Polisportiva Candia-Baraccola-Aspio","robots":{"index":"index","follow":"follow","max-snippet":"max-snippet:-1","max-image-preview":"max-image-preview:large","max-video-preview":"max-video-preview:-1"},"canonical":"https:\/\/www.pcandia.it\/volley\/chi-e-passato-di-qua\/un-concentrato-di-esperienza-ecco-a-voi-mauro-talleri\/","og_locale":"it_IT","og_type":"article","og_title":"Un concentrato di esperienza... Ecco a voi Mauro Talleri! - Candia Volley - Polisportiva Candia-Baraccola-Aspio","og_description":"Quest&#8217;estate \u00e8 arrivato un po&#8217; a sorpresa, visto le nostre &#8220;umili&#8221; ambizioni di &#8220;dilettanti allo sbaraglio&#8221; un nuovo allenatore, un allenatore con un lungo palmares alle spalle: mister Talleri (e non chiamatelo coach!!). 1) Buonasera Mister, finalmente tornati online possiamo avere il privilegio di scambiare qualche battuta con lei. Partiamo [&hellip;]","og_url":"https:\/\/www.pcandia.it\/volley\/chi-e-passato-di-qua\/un-concentrato-di-esperienza-ecco-a-voi-mauro-talleri\/","og_site_name":"Candia Volley - Polisportiva Candia-Baraccola-Aspio","article_publisher":"https:\/\/www.facebook.com\/candiavolley","article_published_time":"2012-03-12T17:16:28+00:00","article_modified_time":"2017-03-24T17:46:18+00:00","og_image":[{"width":90,"height":134,"url":"https:\/\/www.pcandia.it\/volley\/wp-content\/uploads\/2006\/10\/talleri11.png","type":"image\/png"}],"author":"Amministratore","twitter_card":"summary_large_image","twitter_misc":{"Scritto da":"Amministratore","Tempo di lettura stimato":"4 minuti"},"schema":{"@context":"https:\/\/schema.org","@graph":[{"@type":"Article","@id":"https:\/\/www.pcandia.it\/volley\/chi-e-passato-di-qua\/un-concentrato-di-esperienza-ecco-a-voi-mauro-talleri\/#article","isPartOf":{"@id":"https:\/\/www.pcandia.it\/volley\/chi-e-passato-di-qua\/un-concentrato-di-esperienza-ecco-a-voi-mauro-talleri\/"},"author":{"name":"Amministratore","@id":"http:\/\/www.pcandia.it\/volley\/#\/schema\/person\/f756b1990c1d37014e323c82727cd8a2"},"headline":"Un concentrato di esperienza&#8230; Ecco a voi Mauro Talleri!","datePublished":"2012-03-12T17:16:28+00:00","dateModified":"2017-03-24T17:46:18+00:00","mainEntityOfPage":{"@id":"https:\/\/www.pcandia.it\/volley\/chi-e-passato-di-qua\/un-concentrato-di-esperienza-ecco-a-voi-mauro-talleri\/"},"wordCount":776,"commentCount":0,"publisher":{"@id":"http:\/\/www.pcandia.it\/volley\/#organization"},"image":{"@id":"https:\/\/www.pcandia.it\/volley\/chi-e-passato-di-qua\/un-concentrato-di-esperienza-ecco-a-voi-mauro-talleri\/#primaryimage"},"thumbnailUrl":"http:\/\/www.pcandia.it\/volley\/wp-content\/uploads\/2006\/10\/talleri11.png","articleSection":["Chi \u00e8 passato di qua..."],"inLanguage":"it-IT","potentialAction":[{"@type":"CommentAction","name":"Comment","target":["https:\/\/www.pcandia.it\/volley\/chi-e-passato-di-qua\/un-concentrato-di-esperienza-ecco-a-voi-mauro-talleri\/#respond"]}]},{"@type":"WebPage","@id":"https:\/\/www.pcandia.it\/volley\/chi-e-passato-di-qua\/un-concentrato-di-esperienza-ecco-a-voi-mauro-talleri\/","url":"https:\/\/www.pcandia.it\/volley\/chi-e-passato-di-qua\/un-concentrato-di-esperienza-ecco-a-voi-mauro-talleri\/","name":"Un concentrato di esperienza... Ecco a voi Mauro Talleri! - Candia Volley - Polisportiva Candia-Baraccola-Aspio","isPartOf":{"@id":"http:\/\/www.pcandia.it\/volley\/#website"},"primaryImageOfPage":{"@id":"https:\/\/www.pcandia.it\/volley\/chi-e-passato-di-qua\/un-concentrato-di-esperienza-ecco-a-voi-mauro-talleri\/#primaryimage"},"image":{"@id":"https:\/\/www.pcandia.it\/volley\/chi-e-passato-di-qua\/un-concentrato-di-esperienza-ecco-a-voi-mauro-talleri\/#primaryimage"},"thumbnailUrl":"http:\/\/www.pcandia.it\/volley\/wp-content\/uploads\/2006\/10\/talleri11.png","datePublished":"2012-03-12T17:16:28+00:00","dateModified":"2017-03-24T17:46:18+00:00","breadcrumb":{"@id":"https:\/\/www.pcandia.it\/volley\/chi-e-passato-di-qua\/un-concentrato-di-esperienza-ecco-a-voi-mauro-talleri\/#breadcrumb"},"inLanguage":"it-IT","potentialAction":[{"@type":"ReadAction","target":["https:\/\/www.pcandia.it\/volley\/chi-e-passato-di-qua\/un-concentrato-di-esperienza-ecco-a-voi-mauro-talleri\/"]}]},{"@type":"ImageObject","inLanguage":"it-IT","@id":"https:\/\/www.pcandia.it\/volley\/chi-e-passato-di-qua\/un-concentrato-di-esperienza-ecco-a-voi-mauro-talleri\/#primaryimage","url":"http:\/\/www.pcandia.it\/volley\/wp-content\/uploads\/2006\/10\/talleri11.png","contentUrl":"http:\/\/www.pcandia.it\/volley\/wp-content\/uploads\/2006\/10\/talleri11.png","width":90,"height":134,"caption":"talleri11"},{"@type":"BreadcrumbList","@id":"https:\/\/www.pcandia.it\/volley\/chi-e-passato-di-qua\/un-concentrato-di-esperienza-ecco-a-voi-mauro-talleri\/#breadcrumb","itemListElement":[{"@type":"ListItem","position":1,"name":"Home","item":"http:\/\/www.pcandia.it\/volley\/"},{"@type":"ListItem","position":2,"name":"Un concentrato di esperienza&#8230; Ecco a voi Mauro Talleri!"}]},{"@type":"WebSite","@id":"http:\/\/www.pcandia.it\/volley\/#website","url":"http:\/\/www.pcandia.it\/volley\/","name":"Candia Volley - Polisportiva Candia-Baraccola-Aspio","description":"","publisher":{"@id":"http:\/\/www.pcandia.it\/volley\/#organization"},"potentialAction":[{"@type":"SearchAction","target":{"@type":"EntryPoint","urlTemplate":"http:\/\/www.pcandia.it\/volley\/?s={search_term_string}"},"query-input":{"@type":"PropertyValueSpecification","valueRequired":true,"valueName":"search_term_string"}}],"inLanguage":"it-IT"},{"@type":"Organization","@id":"http:\/\/www.pcandia.it\/volley\/#organization","name":"Candia Volley - Polisportiva Candia-Baraccola-Aspio (Ancona)","url":"http:\/\/www.pcandia.it\/volley\/","logo":{"@type":"ImageObject","inLanguage":"it-IT","@id":"http:\/\/www.pcandia.it\/volley\/#\/schema\/logo\/image\/","url":"http:\/\/www.pcandia.it\/volley\/wp-content\/uploads\/2014\/10\/logomail.jpg","contentUrl":"http:\/\/www.pcandia.it\/volley\/wp-content\/uploads\/2014\/10\/logomail.jpg","width":187,"height":161,"caption":"Candia Volley - Polisportiva Candia-Baraccola-Aspio (Ancona)"},"image":{"@id":"http:\/\/www.pcandia.it\/volley\/#\/schema\/logo\/image\/"},"sameAs":["https:\/\/www.facebook.com\/candiavolley"]},{"@type":"Person","@id":"http:\/\/www.pcandia.it\/volley\/#\/schema\/person\/f756b1990c1d37014e323c82727cd8a2","name":"Amministratore","image":{"@type":"ImageObject","inLanguage":"it-IT","@id":"https:\/\/secure.gravatar.com\/avatar\/4a34cd08ee03174fb07810038b9bcccccb442a512a338228c74dd3c58f94220f?s=96&d=mm&r=g","url":"https:\/\/secure.gravatar.com\/avatar\/4a34cd08ee03174fb07810038b9bcccccb442a512a338228c74dd3c58f94220f?s=96&d=mm&r=g","contentUrl":"https:\/\/secure.gravatar.com\/avatar\/4a34cd08ee03174fb07810038b9bcccccb442a512a338228c74dd3c58f94220f?s=96&d=mm&r=g","caption":"Amministratore"},"url":"http:\/\/www.pcandia.it\/volley\/author\/admin\/"}]}},"_links":{"self":[{"href":"http:\/\/www.pcandia.it\/volley\/wp-json\/wp\/v2\/posts\/401","targetHints":{"allow":["GET"]}}],"collection":[{"href":"http:\/\/www.pcandia.it\/volley\/wp-json\/wp\/v2\/posts"}],"about":[{"href":"http:\/\/www.pcandia.it\/volley\/wp-json\/wp\/v2\/types\/post"}],"author":[{"embeddable":true,"href":"http:\/\/www.pcandia.it\/volley\/wp-json\/wp\/v2\/users\/1"}],"replies":[{"embeddable":true,"href":"http:\/\/www.pcandia.it\/volley\/wp-json\/wp\/v2\/comments?post=401"}],"version-history":[{"count":1,"href":"http:\/\/www.pcandia.it\/volley\/wp-json\/wp\/v2\/posts\/401\/revisions"}],"predecessor-version":[{"id":1040,"href":"http:\/\/www.pcandia.it\/volley\/wp-json\/wp\/v2\/posts\/401\/revisions\/1040"}],"wp:featuredmedia":[{"embeddable":true,"href":"http:\/\/www.pcandia.it\/volley\/wp-json\/wp\/v2\/media\/277"}],"wp:attachment":[{"href":"http:\/\/www.pcandia.it\/volley\/wp-json\/wp\/v2\/media?parent=401"}],"wp:term":[{"taxonomy":"category","embeddable":true,"href":"http:\/\/www.pcandia.it\/volley\/wp-json\/wp\/v2\/categories?post=401"},{"taxonomy":"post_tag","embeddable":true,"href":"http:\/\/www.pcandia.it\/volley\/wp-json\/wp\/v2\/tags?post=401"}],"curies":[{"name":"wp","href":"https:\/\/api.w.org\/{rel}","templated":true}]}}